{"id":5998,"date":"2023-09-21T07:57:12","date_gmt":"2023-09-21T07:57:12","guid":{"rendered":"https:\/\/www.sergioparis.it\/?p=5998"},"modified":"2023-10-03T13:25:57","modified_gmt":"2023-10-03T13:25:57","slug":"meine-liebe-fuer-die-deutsche-sprache-wird-30","status":"publish","type":"post","link":"https:\/\/www.sergioparis.it\/de\/meine-liebe-fuer-die-deutsche-sprache-wird-30\/","title":{"rendered":"MEINE LIEBE F\u00dcR DIE DEUTSCHE SPRACHE WIRD 30"},"content":{"rendered":"\n<p>Im gerade abgeschlossenen Sommer habe ich mit meiner Familie einen kleinen Urlaub in Wien und zwar in der wunderbaren und zeitlosen \u00f6sterreichischen Hauptstadt verbracht. Unter den vielen St\u00e4dten, in denen ich beruflich oder privat war, steht Wien f\u00fcr einen wichtigen Meilenstein f\u00fcr meine Ausbildung, denn ich kam aus der ersten Generation von Erasmus-Studierenden, die das Gl\u00fcck hatte, zwischen 1999 und 2000 bei der renommierten Universit\u00e4t Wien \u2013 und zwar einer der \u00e4ltesten in Europa \u2013 zu studieren.<\/p>\n\n\n\n<p>Diese Reise gab mir in jedem Fall Anlass zum Nachdenken, wie viel Zeit vergangen ist, seitdem ich zum ersten Mal aus der Universit\u00e4t Venedig in diese Stadt kam und zwar als ich versuchte, mit meinem Sprachniveau in einem Land klarzukommen, das gar nichts mit meiner damaligen Vorstellung der deutschen Sprache oder zumindest mit dem zu tun hatte, was ich bis dahin auf dem Gymnasium, bei den ersten Universit\u00e4tsjahren und nach sehr wenigen Reisen nach Deutschland bzw. in irgendein deutschsprachiges Land erworben hatte.<\/p>\n\n\n\n<p>Ich nummeriere gerne Sachen, die ich liebe und ich mag die Zahlen, die hinter jeder Liebe und Leidenschaft verstecken. Wie bei jedem sportlichen Wettbewerb oder Training denke ich immer an die Zahlen, die gleichsam damit verbunden sind.<\/p>\n\n\n\n<p>Meine Liebesgeschichte mit der deutschen Sprache hat im Jahr 1992 begonnen und letztes Jahr \u2013 n\u00e4mlich 2022 \u2013 wurde 30. Ich bin fast 47 Jahre alt und dies bedeutet, dass ich und diese Sprache seit meiner Jugend zusammengewachsen sind. Mal ging es aufw\u00e4rts, mal abw\u00e4rts. Seitdem ich entschieden habe, Deutsch als wichtigen Eckpfeiler f\u00fcr meine berufliche Karriere zu verwenden, war mein Ziel, Deutsch so gut wie m\u00f6glich in Wort und Schrift zu beherrschen. Das war und ist noch heute eine harte Arbeit, aber das hat mir auch viel Spa\u00df gemacht. Wenn man sich f\u00fcr etwas begeistert, kann jede Arbeit viel angenehmer sein und man freut sich jederzeit darauf. Lesen hat mir zu diesem Zweck sehr weitergeholfen. Im Laufe der Jahre habe ich viele unz\u00e4hlige klassische und moderne deutschsprachige Autoren gelesen, die ich nicht mehr mitz\u00e4hlen kann. Damit habe ich nat\u00fcrlich meine schriftliche Kompetenz stark verbessert.<\/p>\n\n\n\n<p>Ich wollte aber auch so viel Zeit wie m\u00f6glich im Ausland verbringen, um meine m\u00fcndliche Kompetenz zu verst\u00e4rken. Deswegen versuche ich beruflich oder privat regelm\u00e4\u00dfig nach Deutschland und \u00d6sterreich zu fahren, um mein Deutsch immer auf den aktuellen Stand zu bringen<\/p>\n\n\n\n<p>Wie gesagt stecken Leidenschaften Zahlen dahinter und ich habe versucht, mich zu erinnern, wie oft ich bisher in all diesen Jahren in Deutschland und \u00d6sterreich war.<\/p>\n\n\n\n<p>1994 Potsdam \/ Berlin (DE) -&gt; Schulaustausch<br>1995 Salzburg \/ Linz \/ KZ Mauthausen (AT) -&gt; Schulausflug<br>1996 Frankfurt am Main \/ Bad Soden \/ Bad Homburg (DE) -&gt; Sprachreise<br>1999 &#8211; 2000 Wien \/ Linz\/ Salzburg \/ Graz (AT) -&gt; Erasmus-Stipendium<br>2000 M\u00fcnchen \/ KZ Dachau (DE) -&gt; Sprachreise<br>2001 Wien (AT) -&gt; Diplomarbeit<br>2004 Velden am W\u00f6rthersee (AT) -&gt; Gesch\u00e4ftsreise<br>2004 Schwerin \/ Wismar \/ Rostock \/ Warnem\u00fcnde \/ Stralsund \/ R\u00fcgen \/ L\u00fcbeck \/ Berlin \/ Lauenburg-Elbe \/ Hamburg (DE) -&gt; Praktikum<br>2005 M\u00fcnchen \/ F\u00fcssen &#8211; Neuschweinstein Schloss (DE) -&gt; private Reise<br>2007 Freiburg im Breisgau (DE) -&gt; Gesch\u00e4ftsreise<br>2009 N\u00fcrnberg (DE) -&gt; private Reise<br>2012 M\u00fcnchen (DE) -&gt; Gesch\u00e4ftsreise<br>2014 Berlin (DE) -&gt; Gesch\u00e4ftsreise<br>2017 Wien (AT) -&gt; Gesch\u00e4ftsreise<br>2018 Frankfurt am Main (DE) -&gt; private Reise<br>2019 Bonn \/ K\u00f6ln (DE) &#8211; Treffen mit KollegInnen<br>2020 N\u00fcrnberg (DE) -&gt; Gesch\u00e4ftsreise<br>2022 Frankfurt am Main (DE) -&gt; Gesch\u00e4ftsreise<br>2023 Wuppertal \/ Remscheid \/ K\u00f6ln (DE) -&gt; Gesch\u00e4ftsreise<br>2023 Wien (AT) -&gt; private Reise<\/p>\n\n\n\n<p>Ich hatte schon in einem von mir direkt im Deutschen verfassten <a href=\"https:\/\/www.sergioparis.it\/deutsche-sprache-schone-sprache\/\">Artikel<\/a> \u00fcber meine Leidenschaft f\u00fcr die deutsche Sprache gesprochen, in dem ich erl\u00e4utere, was auf der Basis meiner Liebe stehe. In diesem neuen Artikel m\u00f6chte ich nur diese \u00fcber drei\u00dfigj\u00e4hrige Beziehung feiern.<\/p>\n\n\n\n<p>Man sagt, dass wie bei jeder Liebesgeschichte die Flamme der anf\u00e4nglichen Leidenschaft langsam erlischt. Das ist nicht der Fall. Wie bei jedem Menschen, mit dem wir unser Leben teilen wollen, gibt es immer wieder neue Aspekte, die zu entdecken und kennenzulernen sind, denn, um auf das Hauptthema meines Artikels zur\u00fcckzukommen, ich werde die deutsche Sprache nie ganz gut beherrschen k\u00f6nnen. Vielleicht ist es gerade das, was meine tiefe Liebe zu dieser Sprache und zu dieser Kultur aufleben l\u00e4sst.<\/p>\n\n\n\n<p><em>*Diesen Artikel habe ich selbst als italienischer Muttersprachler ins Deutsche \u00fcbersetzt. F\u00fcr jeden Fehler oder f\u00fcr jede stilistisch unsch\u00f6ne Formulierung bin ich selbst verantwortlich.<\/em><\/p>\n","protected":false},"excerpt":{"rendered":"Im gerade abgeschlossenen Sommer habe ich mit meiner Familie einen kleinen Urlaub in Wien und zwar in der wunderbaren und zeitlosen \u00f6sterreichischen Hauptstadt verbracht. Unter den vielen St\u00e4dten, in denen ich beruflich oder privat war, steht Wien f\u00fcr einen wichtigen Meilenstein f\u00fcr meine Ausbildung, denn ich kam aus der ersten Generation von Erasmus-Studierenden, die das Gl\u00fcck hatte, zwischen 1999 und 2000 bei der renommierten Universit\u00e4t Wien \u2013 und zwar einer der \u00e4ltesten in Europa \u2013 zu studieren. Diese Reise gab mir in jedem Fall Anlass zum Nachdenken, wie viel Zeit vergangen ist, seitdem ich zum ersten Mal aus der Universit\u00e4t Venedig in diese Stadt kam und zwar als ich versuchte, mit meinem Sprachniveau in einem Land klarzukommen, das gar nichts mit meiner damaligen Vorstellung der deutschen Sprache oder zumindest mit dem zu tun hatte, was ich bis dahin auf dem Gymnasium, bei den ersten Universit\u00e4tsjahren und nach sehr wenigen Reisen nach Deutschland bzw. in irgendein deutschsprachiges Land erworben hatte. Ich nummeriere gerne Sachen, die ich liebe und ich mag die Zahlen, die hinter jeder Liebe und Leidenschaft verstecken. Wie bei jedem sportlichen Wettbewerb oder Training denke ich immer an die Zahlen, die gleichsam damit verbunden sind. Meine Liebesgeschichte mit der deutschen Sprache hat im Jahr 1992 begonnen und letztes Jahr \u2013 n\u00e4mlich 2022 \u2013 wurde 30. Ich bin fast 47 Jahre alt und dies bedeutet, dass ich und diese Sprache seit meiner Jugend zusammengewachsen sind. Mal ging es aufw\u00e4rts, mal abw\u00e4rts. Seitdem ich entschieden habe, Deutsch als wichtigen Eckpfeiler f\u00fcr meine berufliche Karriere zu verwenden, war mein Ziel, Deutsch so gut wie m\u00f6glich in Wort und Schrift zu beherrschen. Das war und ist noch heute eine harte Arbeit, aber das hat mir auch viel Spa\u00df gemacht. Wenn man sich f\u00fcr etwas begeistert, kann jede Arbeit viel angenehmer sein und man freut sich jederzeit darauf. Lesen hat mir zu diesem Zweck sehr weitergeholfen. Im Laufe der Jahre habe ich viele unz\u00e4hlige klassische und moderne deutschsprachige Autoren gelesen, die ich nicht mehr mitz\u00e4hlen kann. Damit habe ich nat\u00fcrlich meine schriftliche Kompetenz stark verbessert. Ich wollte aber auch so viel Zeit wie m\u00f6glich im Ausland verbringen, um meine m\u00fcndliche Kompetenz zu verst\u00e4rken. Deswegen versuche ich beruflich oder privat regelm\u00e4\u00dfig nach Deutschland und \u00d6sterreich zu fahren, um mein Deutsch immer auf den aktuellen Stand zu bringen Wie gesagt stecken Leidenschaften Zahlen dahinter und ich habe versucht, mich zu erinnern, wie oft ich bisher in all diesen Jahren in Deutschland und \u00d6sterreich war. 1994 Potsdam \/ Berlin (DE) -&gt; Schulaustausch1995 Salzburg \/ Linz \/ KZ Mauthausen (AT) -&gt; Schulausflug1996 Frankfurt am Main \/ Bad Soden \/ Bad Homburg (DE) -&gt; Sprachreise1999 &#8211; 2000 Wien \/ Linz\/ Salzburg \/ Graz (AT) -&gt; Erasmus-Stipendium2000 M\u00fcnchen \/ KZ Dachau (DE) -&gt; Sprachreise2001 Wien (AT) -&gt; Diplomarbeit2004 Velden am W\u00f6rthersee (AT) -&gt; Gesch\u00e4ftsreise2004 Schwerin \/ Wismar \/ Rostock \/ Warnem\u00fcnde \/ Stralsund \/ R\u00fcgen \/ L\u00fcbeck \/ Berlin \/ Lauenburg-Elbe \/ Hamburg (DE) -&gt; Praktikum2005 M\u00fcnchen \/ F\u00fcssen &#8211; Neuschweinstein Schloss (DE) -&gt; private Reise2007 Freiburg im Breisgau (DE) -&gt; Gesch\u00e4ftsreise2009 N\u00fcrnberg (DE) -&gt; private Reise2012 M\u00fcnchen (DE) -&gt; Gesch\u00e4ftsreise2014 Berlin (DE) -&gt; Gesch\u00e4ftsreise2017 Wien (AT) -&gt; Gesch\u00e4ftsreise2018 Frankfurt am Main (DE) -&gt; private Reise2019 Bonn \/ K\u00f6ln (DE) &#8211; Treffen mit KollegInnen2020 N\u00fcrnberg (DE) -&gt; Gesch\u00e4ftsreise2022 Frankfurt am Main (DE) -&gt; Gesch\u00e4ftsreise2023 Wuppertal \/ Remscheid \/ K\u00f6ln (DE) -&gt; Gesch\u00e4ftsreise2023 Wien (AT) -&gt; private Reise Ich hatte schon in einem von mir direkt im Deutschen verfassten Artikel \u00fcber meine Leidenschaft f\u00fcr die deutsche Sprache gesprochen, in dem ich erl\u00e4utere, was auf der Basis meiner Liebe stehe. In diesem neuen Artikel m\u00f6chte ich nur diese \u00fcber drei\u00dfigj\u00e4hrige Beziehung feiern. Man sagt, dass wie bei jeder Liebesgeschichte die Flamme der anf\u00e4nglichen Leidenschaft langsam erlischt. Das ist nicht der Fall. Wie bei jedem Menschen, mit dem wir unser Leben teilen wollen, gibt es immer wieder neue Aspekte, die zu entdecken und kennenzulernen sind, denn, um auf das Hauptthema meines Artikels zur\u00fcckzukommen, ich werde die deutsche Sprache nie ganz gut beherrschen k\u00f6nnen. Vielleicht ist es gerade das, was meine tiefe Liebe zu dieser Sprache und zu dieser Kultur aufleben l\u00e4sst. *Diesen Artikel habe ich selbst als italienischer Muttersprachler ins Deutsche \u00fcbersetzt. F\u00fcr jeden Fehler oder f\u00fcr jede stilistisch unsch\u00f6ne Formulierung bin ich selbst verantwortlich.","protected":false},"author":1,"featured_media":5997,"comment_status":"open","ping_status":"closed","sticky":false,"template":"","format":"standard","meta":{"footnotes":""},"categories":[59],"tags":[],"yoast_head":"<!-- This site is optimized with the Yoast SEO plugin v19.14 - https:\/\/yoast.com\/wordpress\/plugins\/seo\/ -->\n<title>MEINE LIEBE F\u00dcR DIE DEUTSCHE SPRACHE WIRD 30 - Sergio Paris<\/title>\n<meta name=\"robots\" content=\"index, follow, max-snippet:-1, max-image-preview:large, max-video-preview:-1\" \/>\n<link rel=\"canonical\" href=\"https:\/\/www.sergioparis.it\/de\/meine-liebe-fuer-die-deutsche-sprache-wird-30\/\" \/>\n<meta property=\"og:locale\" content=\"de_DE\" \/>\n<meta property=\"og:type\" content=\"article\" \/>\n<meta property=\"og:title\" content=\"MEINE LIEBE F\u00dcR DIE DEUTSCHE SPRACHE WIRD 30 - Sergio Paris\" \/>\n<meta property=\"og:description\" content=\"Im gerade abgeschlossenen Sommer habe ich mit meiner Familie einen kleinen Urlaub in Wien und zwar in der wunderbaren und zeitlosen \u00f6sterreichischen Hauptstadt verbracht. Unter den vielen St\u00e4dten, in denen ich beruflich oder privat war, steht Wien f\u00fcr einen wichtigen Meilenstein f\u00fcr meine Ausbildung, denn ich kam aus der ersten Generation von Erasmus-Studierenden, die das Gl\u00fcck hatte, zwischen 1999 und 2000 bei der renommierten Universit\u00e4t Wien \u2013 und zwar einer der \u00e4ltesten in Europa \u2013 zu studieren. Diese Reise gab mir in jedem Fall Anlass zum Nachdenken, wie viel Zeit vergangen ist, seitdem ich zum ersten Mal aus der Universit\u00e4t Venedig in diese Stadt kam und zwar als ich versuchte, mit meinem Sprachniveau in einem Land klarzukommen, das gar nichts mit meiner damaligen Vorstellung der deutschen Sprache oder zumindest mit dem zu tun hatte, was ich bis dahin auf dem Gymnasium, bei den ersten Universit\u00e4tsjahren und nach sehr wenigen Reisen nach Deutschland bzw. in irgendein deutschsprachiges Land erworben hatte. Ich nummeriere gerne Sachen, die ich liebe und ich mag die Zahlen, die hinter jeder Liebe und Leidenschaft verstecken. Wie bei jedem sportlichen Wettbewerb oder Training denke ich immer an die Zahlen, die gleichsam damit verbunden sind. Meine Liebesgeschichte mit der deutschen Sprache hat im Jahr 1992 begonnen und letztes Jahr \u2013 n\u00e4mlich 2022 \u2013 wurde 30. Ich bin fast 47 Jahre alt und dies bedeutet, dass ich und diese Sprache seit meiner Jugend zusammengewachsen sind. Mal ging es aufw\u00e4rts, mal abw\u00e4rts. Seitdem ich entschieden habe, Deutsch als wichtigen Eckpfeiler f\u00fcr meine berufliche Karriere zu verwenden, war mein Ziel, Deutsch so gut wie m\u00f6glich in Wort und Schrift zu beherrschen. Das war und ist noch heute eine harte Arbeit, aber das hat mir auch viel Spa\u00df gemacht. Wenn man sich f\u00fcr etwas begeistert, kann jede Arbeit viel angenehmer sein und man freut sich jederzeit darauf. Lesen hat mir zu diesem Zweck sehr weitergeholfen. Im Laufe der Jahre habe ich viele unz\u00e4hlige klassische und moderne deutschsprachige Autoren gelesen, die ich nicht mehr mitz\u00e4hlen kann. Damit habe ich nat\u00fcrlich meine schriftliche Kompetenz stark verbessert. Ich wollte aber auch so viel Zeit wie m\u00f6glich im Ausland verbringen, um meine m\u00fcndliche Kompetenz zu verst\u00e4rken. Deswegen versuche ich beruflich oder privat regelm\u00e4\u00dfig nach Deutschland und \u00d6sterreich zu fahren, um mein Deutsch immer auf den aktuellen Stand zu bringen Wie gesagt stecken Leidenschaften Zahlen dahinter und ich habe versucht, mich zu erinnern, wie oft ich bisher in all diesen Jahren in Deutschland und \u00d6sterreich war. 1994 Potsdam \/ Berlin (DE) -&gt; Schulaustausch1995 Salzburg \/ Linz \/ KZ Mauthausen (AT) -&gt; Schulausflug1996 Frankfurt am Main \/ Bad Soden \/ Bad Homburg (DE) -&gt; Sprachreise1999 &#8211; 2000 Wien \/ Linz\/ Salzburg \/ Graz (AT) -&gt; Erasmus-Stipendium2000 M\u00fcnchen \/ KZ Dachau (DE) -&gt; Sprachreise2001 Wien (AT) -&gt; Diplomarbeit2004 Velden am W\u00f6rthersee (AT) -&gt; Gesch\u00e4ftsreise2004 Schwerin \/ Wismar \/ Rostock \/ Warnem\u00fcnde \/ Stralsund \/ R\u00fcgen \/ L\u00fcbeck \/ Berlin \/ Lauenburg-Elbe \/ Hamburg (DE) -&gt; Praktikum2005 M\u00fcnchen \/ F\u00fcssen &#8211; Neuschweinstein Schloss (DE) -&gt; private Reise2007 Freiburg im Breisgau (DE) -&gt; Gesch\u00e4ftsreise2009 N\u00fcrnberg (DE) -&gt; private Reise2012 M\u00fcnchen (DE) -&gt; Gesch\u00e4ftsreise2014 Berlin (DE) -&gt; Gesch\u00e4ftsreise2017 Wien (AT) -&gt; Gesch\u00e4ftsreise2018 Frankfurt am Main (DE) -&gt; private Reise2019 Bonn \/ K\u00f6ln (DE) &#8211; Treffen mit KollegInnen2020 N\u00fcrnberg (DE) -&gt; Gesch\u00e4ftsreise2022 Frankfurt am Main (DE) -&gt; Gesch\u00e4ftsreise2023 Wuppertal \/ Remscheid \/ K\u00f6ln (DE) -&gt; Gesch\u00e4ftsreise2023 Wien (AT) -&gt; private Reise Ich hatte schon in einem von mir direkt im Deutschen verfassten Artikel \u00fcber meine Leidenschaft f\u00fcr die deutsche Sprache gesprochen, in dem ich erl\u00e4utere, was auf der Basis meiner Liebe stehe. In diesem neuen Artikel m\u00f6chte ich nur diese \u00fcber drei\u00dfigj\u00e4hrige Beziehung feiern. Man sagt, dass wie bei jeder Liebesgeschichte die Flamme der anf\u00e4nglichen Leidenschaft langsam erlischt. Das ist nicht der Fall. Wie bei jedem Menschen, mit dem wir unser Leben teilen wollen, gibt es immer wieder neue Aspekte, die zu entdecken und kennenzulernen sind, denn, um auf das Hauptthema meines Artikels zur\u00fcckzukommen, ich werde die deutsche Sprache nie ganz gut beherrschen k\u00f6nnen. Vielleicht ist es gerade das, was meine tiefe Liebe zu dieser Sprache und zu dieser Kultur aufleben l\u00e4sst. *Diesen Artikel habe ich selbst als italienischer Muttersprachler ins Deutsche \u00fcbersetzt. F\u00fcr jeden Fehler oder f\u00fcr jede stilistisch unsch\u00f6ne Formulierung bin ich selbst verantwortlich.\" \/>\n<meta property=\"og:url\" content=\"https:\/\/www.sergioparis.it\/de\/meine-liebe-fuer-die-deutsche-sprache-wird-30\/\" \/>\n<meta property=\"og:site_name\" content=\"Sergio Paris\" \/>\n<meta property=\"article:published_time\" content=\"2023-09-21T07:57:12+00:00\" \/>\n<meta property=\"article:modified_time\" content=\"2023-10-03T13:25:57+00:00\" \/>\n<meta property=\"og:image\" content=\"https:\/\/www.sergioparis.it\/wp-content\/uploads\/2023\/09\/Wien-1.jpg\" \/>\n\t<meta property=\"og:image:width\" content=\"900\" \/>\n\t<meta property=\"og:image:height\" content=\"1600\" \/>\n\t<meta property=\"og:image:type\" content=\"image\/jpeg\" \/>\n<meta name=\"author\" content=\"Sergio Paris\" \/>\n<meta name=\"twitter:card\" content=\"summary_large_image\" \/>\n<meta name=\"twitter:label1\" content=\"Verfasst von\" \/>\n\t<meta name=\"twitter:data1\" content=\"Sergio Paris\" \/>\n\t<meta name=\"twitter:label2\" content=\"Gesch\u00e4tzte Lesezeit\" \/>\n\t<meta name=\"twitter:data2\" content=\"4\u00a0Minuten\" \/>\n<script type=\"application\/ld+json\" class=\"yoast-schema-graph\">{\"@context\":\"https:\/\/schema.org\",\"@graph\":[{\"@type\":\"WebPage\",\"@id\":\"https:\/\/www.sergioparis.it\/de\/meine-liebe-fuer-die-deutsche-sprache-wird-30\/\",\"url\":\"https:\/\/www.sergioparis.it\/de\/meine-liebe-fuer-die-deutsche-sprache-wird-30\/\",\"name\":\"MEINE LIEBE F\u00dcR DIE DEUTSCHE SPRACHE WIRD 30 - Sergio Paris\",\"isPartOf\":{\"@id\":\"https:\/\/www.sergioparis.it\/#website\"},\"datePublished\":\"2023-09-21T07:57:12+00:00\",\"dateModified\":\"2023-10-03T13:25:57+00:00\",\"author\":{\"@id\":\"https:\/\/www.sergioparis.it\/#\/schema\/person\/208882325827ec8accf4dfad6b86ed01\"},\"breadcrumb\":{\"@id\":\"https:\/\/www.sergioparis.it\/de\/meine-liebe-fuer-die-deutsche-sprache-wird-30\/#breadcrumb\"},\"inLanguage\":\"de\",\"potentialAction\":[{\"@type\":\"ReadAction\",\"target\":[\"https:\/\/www.sergioparis.it\/de\/meine-liebe-fuer-die-deutsche-sprache-wird-30\/\"]}]},{\"@type\":\"BreadcrumbList\",\"@id\":\"https:\/\/www.sergioparis.it\/de\/meine-liebe-fuer-die-deutsche-sprache-wird-30\/#breadcrumb\",\"itemListElement\":[{\"@type\":\"ListItem\",\"position\":1,\"name\":\"Home\",\"item\":\"https:\/\/www.sergioparis.it\/de\/\"},{\"@type\":\"ListItem\",\"position\":2,\"name\":\"MEINE LIEBE F\u00dcR DIE DEUTSCHE SPRACHE WIRD 30\"}]},{\"@type\":\"WebSite\",\"@id\":\"https:\/\/www.sergioparis.it\/#website\",\"url\":\"https:\/\/www.sergioparis.it\/\",\"name\":\"Sergio Paris\",\"description\":\"Just another WordPress site\",\"potentialAction\":[{\"@type\":\"SearchAction\",\"target\":{\"@type\":\"EntryPoint\",\"urlTemplate\":\"https:\/\/www.sergioparis.it\/?s={search_term_string}\"},\"query-input\":\"required name=search_term_string\"}],\"inLanguage\":\"de\"},{\"@type\":\"Person\",\"@id\":\"https:\/\/www.sergioparis.it\/#\/schema\/person\/208882325827ec8accf4dfad6b86ed01\",\"name\":\"Sergio Paris\",\"image\":{\"@type\":\"ImageObject\",\"inLanguage\":\"de\",\"@id\":\"https:\/\/www.sergioparis.it\/#\/schema\/person\/image\/\",\"url\":\"https:\/\/secure.gravatar.com\/avatar\/812b9900426c9e971e9ea2561bc0096a?s=96&d=mm&r=g\",\"contentUrl\":\"https:\/\/secure.gravatar.com\/avatar\/812b9900426c9e971e9ea2561bc0096a?s=96&d=mm&r=g\",\"caption\":\"Sergio Paris\"},\"url\":\"https:\/\/www.sergioparis.it\/de\/author\/wftuser\/\"}]}<\/script>\n<!-- \/ Yoast SEO plugin. -->","yoast_head_json":{"title":"MEINE LIEBE F\u00dcR DIE DEUTSCHE SPRACHE WIRD 30 - Sergio Paris","robots":{"index":"index","follow":"follow","max-snippet":"max-snippet:-1","max-image-preview":"max-image-preview:large","max-video-preview":"max-video-preview:-1"},"canonical":"https:\/\/www.sergioparis.it\/de\/meine-liebe-fuer-die-deutsche-sprache-wird-30\/","og_locale":"de_DE","og_type":"article","og_title":"MEINE LIEBE F\u00dcR DIE DEUTSCHE SPRACHE WIRD 30 - Sergio Paris","og_description":"Im gerade abgeschlossenen Sommer habe ich mit meiner Familie einen kleinen Urlaub in Wien und zwar in der wunderbaren und zeitlosen \u00f6sterreichischen Hauptstadt verbracht. Unter den vielen St\u00e4dten, in denen ich beruflich oder privat war, steht Wien f\u00fcr einen wichtigen Meilenstein f\u00fcr meine Ausbildung, denn ich kam aus der ersten Generation von Erasmus-Studierenden, die das Gl\u00fcck hatte, zwischen 1999 und 2000 bei der renommierten Universit\u00e4t Wien \u2013 und zwar einer der \u00e4ltesten in Europa \u2013 zu studieren. Diese Reise gab mir in jedem Fall Anlass zum Nachdenken, wie viel Zeit vergangen ist, seitdem ich zum ersten Mal aus der Universit\u00e4t Venedig in diese Stadt kam und zwar als ich versuchte, mit meinem Sprachniveau in einem Land klarzukommen, das gar nichts mit meiner damaligen Vorstellung der deutschen Sprache oder zumindest mit dem zu tun hatte, was ich bis dahin auf dem Gymnasium, bei den ersten Universit\u00e4tsjahren und nach sehr wenigen Reisen nach Deutschland bzw. in irgendein deutschsprachiges Land erworben hatte. Ich nummeriere gerne Sachen, die ich liebe und ich mag die Zahlen, die hinter jeder Liebe und Leidenschaft verstecken. Wie bei jedem sportlichen Wettbewerb oder Training denke ich immer an die Zahlen, die gleichsam damit verbunden sind. Meine Liebesgeschichte mit der deutschen Sprache hat im Jahr 1992 begonnen und letztes Jahr \u2013 n\u00e4mlich 2022 \u2013 wurde 30. Ich bin fast 47 Jahre alt und dies bedeutet, dass ich und diese Sprache seit meiner Jugend zusammengewachsen sind. Mal ging es aufw\u00e4rts, mal abw\u00e4rts. Seitdem ich entschieden habe, Deutsch als wichtigen Eckpfeiler f\u00fcr meine berufliche Karriere zu verwenden, war mein Ziel, Deutsch so gut wie m\u00f6glich in Wort und Schrift zu beherrschen. Das war und ist noch heute eine harte Arbeit, aber das hat mir auch viel Spa\u00df gemacht. Wenn man sich f\u00fcr etwas begeistert, kann jede Arbeit viel angenehmer sein und man freut sich jederzeit darauf. Lesen hat mir zu diesem Zweck sehr weitergeholfen. Im Laufe der Jahre habe ich viele unz\u00e4hlige klassische und moderne deutschsprachige Autoren gelesen, die ich nicht mehr mitz\u00e4hlen kann. Damit habe ich nat\u00fcrlich meine schriftliche Kompetenz stark verbessert. Ich wollte aber auch so viel Zeit wie m\u00f6glich im Ausland verbringen, um meine m\u00fcndliche Kompetenz zu verst\u00e4rken. Deswegen versuche ich beruflich oder privat regelm\u00e4\u00dfig nach Deutschland und \u00d6sterreich zu fahren, um mein Deutsch immer auf den aktuellen Stand zu bringen Wie gesagt stecken Leidenschaften Zahlen dahinter und ich habe versucht, mich zu erinnern, wie oft ich bisher in all diesen Jahren in Deutschland und \u00d6sterreich war. 1994 Potsdam \/ Berlin (DE) -&gt; Schulaustausch1995 Salzburg \/ Linz \/ KZ Mauthausen (AT) -&gt; Schulausflug1996 Frankfurt am Main \/ Bad Soden \/ Bad Homburg (DE) -&gt; Sprachreise1999 &#8211; 2000 Wien \/ Linz\/ Salzburg \/ Graz (AT) -&gt; Erasmus-Stipendium2000 M\u00fcnchen \/ KZ Dachau (DE) -&gt; Sprachreise2001 Wien (AT) -&gt; Diplomarbeit2004 Velden am W\u00f6rthersee (AT) -&gt; Gesch\u00e4ftsreise2004 Schwerin \/ Wismar \/ Rostock \/ Warnem\u00fcnde \/ Stralsund \/ R\u00fcgen \/ L\u00fcbeck \/ Berlin \/ Lauenburg-Elbe \/ Hamburg (DE) -&gt; Praktikum2005 M\u00fcnchen \/ F\u00fcssen &#8211; Neuschweinstein Schloss (DE) -&gt; private Reise2007 Freiburg im Breisgau (DE) -&gt; Gesch\u00e4ftsreise2009 N\u00fcrnberg (DE) -&gt; private Reise2012 M\u00fcnchen (DE) -&gt; Gesch\u00e4ftsreise2014 Berlin (DE) -&gt; Gesch\u00e4ftsreise2017 Wien (AT) -&gt; Gesch\u00e4ftsreise2018 Frankfurt am Main (DE) -&gt; private Reise2019 Bonn \/ K\u00f6ln (DE) &#8211; Treffen mit KollegInnen2020 N\u00fcrnberg (DE) -&gt; Gesch\u00e4ftsreise2022 Frankfurt am Main (DE) -&gt; Gesch\u00e4ftsreise2023 Wuppertal \/ Remscheid \/ K\u00f6ln (DE) -&gt; Gesch\u00e4ftsreise2023 Wien (AT) -&gt; private Reise Ich hatte schon in einem von mir direkt im Deutschen verfassten Artikel \u00fcber meine Leidenschaft f\u00fcr die deutsche Sprache gesprochen, in dem ich erl\u00e4utere, was auf der Basis meiner Liebe stehe. In diesem neuen Artikel m\u00f6chte ich nur diese \u00fcber drei\u00dfigj\u00e4hrige Beziehung feiern. Man sagt, dass wie bei jeder Liebesgeschichte die Flamme der anf\u00e4nglichen Leidenschaft langsam erlischt. Das ist nicht der Fall. Wie bei jedem Menschen, mit dem wir unser Leben teilen wollen, gibt es immer wieder neue Aspekte, die zu entdecken und kennenzulernen sind, denn, um auf das Hauptthema meines Artikels zur\u00fcckzukommen, ich werde die deutsche Sprache nie ganz gut beherrschen k\u00f6nnen. Vielleicht ist es gerade das, was meine tiefe Liebe zu dieser Sprache und zu dieser Kultur aufleben l\u00e4sst. *Diesen Artikel habe ich selbst als italienischer Muttersprachler ins Deutsche \u00fcbersetzt. F\u00fcr jeden Fehler oder f\u00fcr jede stilistisch unsch\u00f6ne Formulierung bin ich selbst verantwortlich.","og_url":"https:\/\/www.sergioparis.it\/de\/meine-liebe-fuer-die-deutsche-sprache-wird-30\/","og_site_name":"Sergio Paris","article_published_time":"2023-09-21T07:57:12+00:00","article_modified_time":"2023-10-03T13:25:57+00:00","og_image":[{"width":900,"height":1600,"url":"https:\/\/www.sergioparis.it\/wp-content\/uploads\/2023\/09\/Wien-1.jpg","type":"image\/jpeg"}],"author":"Sergio Paris","twitter_card":"summary_large_image","twitter_misc":{"Verfasst von":"Sergio Paris","Gesch\u00e4tzte Lesezeit":"4\u00a0Minuten"},"schema":{"@context":"https:\/\/schema.org","@graph":[{"@type":"WebPage","@id":"https:\/\/www.sergioparis.it\/de\/meine-liebe-fuer-die-deutsche-sprache-wird-30\/","url":"https:\/\/www.sergioparis.it\/de\/meine-liebe-fuer-die-deutsche-sprache-wird-30\/","name":"MEINE LIEBE F\u00dcR DIE DEUTSCHE SPRACHE WIRD 30 - Sergio Paris","isPartOf":{"@id":"https:\/\/www.sergioparis.it\/#website"},"datePublished":"2023-09-21T07:57:12+00:00","dateModified":"2023-10-03T13:25:57+00:00","author":{"@id":"https:\/\/www.sergioparis.it\/#\/schema\/person\/208882325827ec8accf4dfad6b86ed01"},"breadcrumb":{"@id":"https:\/\/www.sergioparis.it\/de\/meine-liebe-fuer-die-deutsche-sprache-wird-30\/#breadcrumb"},"inLanguage":"de","potentialAction":[{"@type":"ReadAction","target":["https:\/\/www.sergioparis.it\/de\/meine-liebe-fuer-die-deutsche-sprache-wird-30\/"]}]},{"@type":"BreadcrumbList","@id":"https:\/\/www.sergioparis.it\/de\/meine-liebe-fuer-die-deutsche-sprache-wird-30\/#breadcrumb","itemListElement":[{"@type":"ListItem","position":1,"name":"Home","item":"https:\/\/www.sergioparis.it\/de\/"},{"@type":"ListItem","position":2,"name":"MEINE LIEBE F\u00dcR DIE DEUTSCHE SPRACHE WIRD 30"}]},{"@type":"WebSite","@id":"https:\/\/www.sergioparis.it\/#website","url":"https:\/\/www.sergioparis.it\/","name":"Sergio Paris","description":"Just another WordPress site","potentialAction":[{"@type":"SearchAction","target":{"@type":"EntryPoint","urlTemplate":"https:\/\/www.sergioparis.it\/?s={search_term_string}"},"query-input":"required name=search_term_string"}],"inLanguage":"de"},{"@type":"Person","@id":"https:\/\/www.sergioparis.it\/#\/schema\/person\/208882325827ec8accf4dfad6b86ed01","name":"Sergio Paris","image":{"@type":"ImageObject","inLanguage":"de","@id":"https:\/\/www.sergioparis.it\/#\/schema\/person\/image\/","url":"https:\/\/secure.gravatar.com\/avatar\/812b9900426c9e971e9ea2561bc0096a?s=96&d=mm&r=g","contentUrl":"https:\/\/secure.gravatar.com\/avatar\/812b9900426c9e971e9ea2561bc0096a?s=96&d=mm&r=g","caption":"Sergio Paris"},"url":"https:\/\/www.sergioparis.it\/de\/author\/wftuser\/"}]}},"_links":{"self":[{"href":"https:\/\/www.sergioparis.it\/de\/wp-json\/wp\/v2\/posts\/5998"}],"collection":[{"href":"https:\/\/www.sergioparis.it\/de\/wp-json\/wp\/v2\/posts"}],"about":[{"href":"https:\/\/www.sergioparis.it\/de\/wp-json\/wp\/v2\/types\/post"}],"author":[{"embeddable":true,"href":"https:\/\/www.sergioparis.it\/de\/wp-json\/wp\/v2\/users\/1"}],"replies":[{"embeddable":true,"href":"https:\/\/www.sergioparis.it\/de\/wp-json\/wp\/v2\/comments?post=5998"}],"version-history":[{"count":5,"href":"https:\/\/www.sergioparis.it\/de\/wp-json\/wp\/v2\/posts\/5998\/revisions"}],"predecessor-version":[{"id":6012,"href":"https:\/\/www.sergioparis.it\/de\/wp-json\/wp\/v2\/posts\/5998\/revisions\/6012"}],"wp:featuredmedia":[{"embeddable":true,"href":"https:\/\/www.sergioparis.it\/de\/wp-json\/wp\/v2\/media\/5997"}],"wp:attachment":[{"href":"https:\/\/www.sergioparis.it\/de\/wp-json\/wp\/v2\/media?parent=5998"}],"wp:term":[{"taxonomy":"category","embeddable":true,"href":"https:\/\/www.sergioparis.it\/de\/wp-json\/wp\/v2\/categories?post=5998"},{"taxonomy":"post_tag","embeddable":true,"href":"https:\/\/www.sergioparis.it\/de\/wp-json\/wp\/v2\/tags?post=5998"}],"curies":[{"name":"wp","href":"https:\/\/api.w.org\/{rel}","templated":true}]}}