{"id":5916,"date":"2023-01-26T16:40:01","date_gmt":"2023-01-26T16:40:01","guid":{"rendered":"https:\/\/www.sergioparis.it\/come-gestire-il-calo-di-lavoro-del-freelance\/"},"modified":"2023-01-26T20:52:41","modified_gmt":"2023-01-26T20:52:41","slug":"come-gestire-il-calo-di-lavoro-del-freelance","status":"publish","type":"post","link":"https:\/\/www.sergioparis.it\/de\/come-gestire-il-calo-di-lavoro-del-freelance\/","title":{"rendered":"COME GESTIRE IL CALO DI LAVORO DEL FREELANCE"},"content":{"rendered":"\n<p>Nessuno di noi liberi professionisti \u2013 tanto meno il sottoscritto \u2013 \u00e8 immune al fisiologico e congiunturale calo di lavoro che talvolta pu\u00f2 capitare. Non si verifica spesso, ma quando si presenta, va affrontato in maniera giusta.<\/p>\n\n\n\n<p>Il 2022, almeno per me, \u00e8 stato un anno davvero ricco e costante dal punto di vista del flusso di lavoro. Devo ammettere che per tutti e dodici i mesi dell\u2019anno ho sempre avuto molti incarichi, soprattutto nel secondo semestre. Credo sia stata anche una tendenza generale dovuta al fatto che il 2022 per molti settori, nonostante il clima di incertezza internazionale, \u00e8 stato l\u2019anno della ripresa e dell\u2019entusiasmo di volerci riappropriare delle nostre vite, delle nostre abitudini e, non in ultimo, dei nostri progetti. Personalmente sono arrivato a fine anno con forse una dose un po\u2019 eccessiva di stanchezza, al punto che nemmeno la pausa natalizia \u00e8 bastata per rigenerarmi e ricaricare le batterie.<\/p>\n\n\n\n<p>Le previsioni per il 2023 \u2013 non mie e ci tengo a precisarlo \u2013 non sono molto positive come poteva essere stato il 2022. Non \u00e8 questa la sede per discutere dei motivi che credo siano arcinoti e piuttosto intuibili: l\u2019inflazione, l\u2019aumento dei costi energetici e non in ultimo il perdurare della crisi geopolitica internazionale che indiscutibilmente va ad influire sull\u2019andamento generale dell\u2019economia. In sintesi, questo nuovo anno appena iniziato si sta rivelando molto pi\u00f9 calmo di come ha esordito l\u2019anno scorso in termini di richieste e preventivi.<\/p>\n\n\n\n<p>Seppur mentalmente preparati, non \u00e8 mai facile vivere al meglio questi periodi in attesa che il lavoro riparta. Il primo pensiero che ci assale \u00e8 mettere in dubbio il nostro valore, le nostre competenze. Non dovremmo mai cadere in questa tentazione, anche se a volte sembra inevitabile.<\/p>\n\n\n\n<p>Qui di seguito alcuni modi per affrontare questi periodi al meglio e soprattutto alcuni consigli per non cadere del tranello del \u201cmea culpa\u201d.<\/p>\n\n\n\n<ol type=\"1\">\n<li>La prima cosa che dobbiamo fare, come anticipato, \u00e8 non colpevolizzarsi e quindi nemmeno credere che sia solo colpa nostra. Non siamo macchine e questi momenti capitano anche per farci riflettere su noi stessi. La frenesia del lavoro non lascia mai il tempo per pensare e per rigenerarsi. Approfittiamone ora.<\/li>\n\n\n\n<li>Recuperiamo le forze e dormiamo qualche ora in pi\u00f9. Per quanto mi riguarda, sto recuperando le energie profuse nel 2022 proprio ora e non lo faccio navigando nell\u2019ozio, ma stando meno ore al PC.<\/li>\n\n\n\n<li>Facciamo le cose di lavoro per cui non abbiamo mai il tempo necessario. Ad esempio, nel mio caso, aggiornare il CV con le tante giornate di interpretariato svolte nel 2022 e fare la manutenzione del mio sito web, in cui sto inserendo nuovi servizi. Un\u2019altra possibile attivit\u00e0 \u00e8 anche la riorganizzazione della contabilit\u00e0 per la quale ho apportato alcune piccole migliorie per rendere la gestione degli incarichi e della fatturazione il pi\u00f9 agevole possibile (un aspetto che a me ogni volta assorbe molto tempo).<\/li>\n\n\n\n<li>Approfittiamo per dare pi\u00f9 spazio alla nostra vita personale e ai nostri hobby. Da avido lettore e appassionato di sport non posso non cogliere quest\u2019occasione per leggere di pi\u00f9 (ho quasi finito il mio terzo libro del 2023) e concedermi qualche sessione in pi\u00f9 di nuoto libero. Sono momenti dopo i quali mi sento talmente bene che quasi quasi non mi manca affatto il lavoro. Non di solo pane vive l\u2019uomo!<\/li>\n\n\n\n<li>Non cadiamo nella tentazione di accettare qualsiasi lavoro che in momenti pi\u00f9 pieni non avremmo mai esitato a rifiutare. Ancor peggio sarebbe abbassare le tariffe per paura di perdere clienti. Tra l\u2019altro, anch\u2019io cerco di trovare nuovi clienti, nuove fonti di lavoro, ma mai e poi mai abbasserei le mie tariffe per calamitare nuovi incarichi che possano colmare il vuoto di fatturato che potrebbe esserci \u2013 magari seguir\u00e0 un mese con un fatturato doppio, chi pu\u00f2 dirlo?<\/li>\n\n\n\n<li>Non stiamo troppo tempo al PC e non controlliamo in maniera ossessiva la posta elettronica in attesa della cosiddetta \u201cmanna dal cielo\u201d. Non funziona cos\u00ec. Per esperienza il lavoro inizia a riprendere proprio quando meno ce lo aspettiamo e siamo intenti a fare tutt\u2019altro.<\/li>\n<\/ol>\n\n\n\n<p>E voi? Come gestite questi naturali e fisiologici momenti di calo di lavoro? La tentazione di cadere nella disperazione \u00e8 sempre dietro l\u2019angolo \u2013 ne so qualcosa. <\/p>\n\n\n\n<p>Anche dopo pi\u00f9 di vent\u2019anni di esperienza \u00e8 facile restare impigliati in questa trappola. Adottare alcuni degli stratagemmi di cui sopra pu\u00f2 essere sempre utile. Essere liberi professionisti significa anche questo e dovremmo essere flessibili e resilienti anche da questo punto di vista.<\/p>\n","protected":false},"excerpt":{"rendered":"Nessuno di noi liberi professionisti \u2013 tanto meno il sottoscritto \u2013 \u00e8 immune al fisiologico e congiunturale calo di lavoro che talvolta pu\u00f2 capitare. Non si verifica spesso, ma quando si presenta, va affrontato in maniera giusta. Il 2022, almeno per me, \u00e8 stato un anno davvero ricco e costante dal punto di vista del flusso di lavoro. Devo ammettere che per tutti e dodici i mesi dell\u2019anno ho sempre avuto molti incarichi, soprattutto nel secondo semestre. Credo sia stata anche una tendenza generale dovuta al fatto che il 2022 per molti settori, nonostante il clima di incertezza internazionale, \u00e8 stato l\u2019anno della ripresa e dell\u2019entusiasmo di volerci riappropriare delle nostre vite, delle nostre abitudini e, non in ultimo, dei nostri progetti. Personalmente sono arrivato a fine anno con forse una dose un po\u2019 eccessiva di stanchezza, al punto che nemmeno la pausa natalizia \u00e8 bastata per rigenerarmi e ricaricare le batterie. Le previsioni per il 2023 \u2013 non mie e ci tengo a precisarlo \u2013 non sono molto positive come poteva essere stato il 2022. Non \u00e8 questa la sede per discutere dei motivi che credo siano arcinoti e piuttosto intuibili: l\u2019inflazione, l\u2019aumento dei costi energetici e non in ultimo il perdurare della crisi geopolitica internazionale che indiscutibilmente va ad influire sull\u2019andamento generale dell\u2019economia. In sintesi, questo nuovo anno appena iniziato si sta rivelando molto pi\u00f9 calmo di come ha esordito l\u2019anno scorso in termini di richieste e preventivi. Seppur mentalmente preparati, non \u00e8 mai facile vivere al meglio questi periodi in attesa che il lavoro riparta. Il primo pensiero che ci assale \u00e8 mettere in dubbio il nostro valore, le nostre competenze. Non dovremmo mai cadere in questa tentazione, anche se a volte sembra inevitabile. Qui di seguito alcuni modi per affrontare questi periodi al meglio e soprattutto alcuni consigli per non cadere del tranello del \u201cmea culpa\u201d. E voi? Come gestite questi naturali e fisiologici momenti di calo di lavoro? La tentazione di cadere nella disperazione \u00e8 sempre dietro l\u2019angolo \u2013 ne so qualcosa. Anche dopo pi\u00f9 di vent\u2019anni di esperienza \u00e8 facile restare impigliati in questa trappola. Adottare alcuni degli stratagemmi di cui sopra pu\u00f2 essere sempre utile. Essere liberi professionisti significa anche questo e dovremmo essere flessibili e resilienti anche da questo punto di vista.","protected":false},"author":1,"featured_media":5913,"comment_status":"open","ping_status":"closed","sticky":false,"template":"","format":"standard","meta":{"footnotes":""},"categories":[51,62],"tags":[],"yoast_head":"<!-- This site is optimized with the Yoast SEO plugin v19.14 - https:\/\/yoast.com\/wordpress\/plugins\/seo\/ -->\n<title>COME GESTIRE IL CALO DI LAVORO DEL FREELANCE - Sergio Paris<\/title>\n<meta name=\"robots\" content=\"noindex, follow\" \/>\n<meta property=\"og:locale\" content=\"de_DE\" \/>\n<meta property=\"og:type\" content=\"article\" \/>\n<meta property=\"og:title\" content=\"COME GESTIRE IL CALO DI LAVORO DEL FREELANCE - Sergio Paris\" \/>\n<meta property=\"og:description\" content=\"Nessuno di noi liberi professionisti \u2013 tanto meno il sottoscritto \u2013 \u00e8 immune al fisiologico e congiunturale calo di lavoro che talvolta pu\u00f2 capitare. Non si verifica spesso, ma quando si presenta, va affrontato in maniera giusta. Il 2022, almeno per me, \u00e8 stato un anno davvero ricco e costante dal punto di vista del flusso di lavoro. Devo ammettere che per tutti e dodici i mesi dell\u2019anno ho sempre avuto molti incarichi, soprattutto nel secondo semestre. Credo sia stata anche una tendenza generale dovuta al fatto che il 2022 per molti settori, nonostante il clima di incertezza internazionale, \u00e8 stato l\u2019anno della ripresa e dell\u2019entusiasmo di volerci riappropriare delle nostre vite, delle nostre abitudini e, non in ultimo, dei nostri progetti. Personalmente sono arrivato a fine anno con forse una dose un po\u2019 eccessiva di stanchezza, al punto che nemmeno la pausa natalizia \u00e8 bastata per rigenerarmi e ricaricare le batterie. Le previsioni per il 2023 \u2013 non mie e ci tengo a precisarlo \u2013 non sono molto positive come poteva essere stato il 2022. Non \u00e8 questa la sede per discutere dei motivi che credo siano arcinoti e piuttosto intuibili: l\u2019inflazione, l\u2019aumento dei costi energetici e non in ultimo il perdurare della crisi geopolitica internazionale che indiscutibilmente va ad influire sull\u2019andamento generale dell\u2019economia. In sintesi, questo nuovo anno appena iniziato si sta rivelando molto pi\u00f9 calmo di come ha esordito l\u2019anno scorso in termini di richieste e preventivi. Seppur mentalmente preparati, non \u00e8 mai facile vivere al meglio questi periodi in attesa che il lavoro riparta. Il primo pensiero che ci assale \u00e8 mettere in dubbio il nostro valore, le nostre competenze. Non dovremmo mai cadere in questa tentazione, anche se a volte sembra inevitabile. Qui di seguito alcuni modi per affrontare questi periodi al meglio e soprattutto alcuni consigli per non cadere del tranello del \u201cmea culpa\u201d. E voi? Come gestite questi naturali e fisiologici momenti di calo di lavoro? La tentazione di cadere nella disperazione \u00e8 sempre dietro l\u2019angolo \u2013 ne so qualcosa. Anche dopo pi\u00f9 di vent\u2019anni di esperienza \u00e8 facile restare impigliati in questa trappola. Adottare alcuni degli stratagemmi di cui sopra pu\u00f2 essere sempre utile. Essere liberi professionisti significa anche questo e dovremmo essere flessibili e resilienti anche da questo punto di vista.\" \/>\n<meta property=\"og:url\" content=\"https:\/\/www.sergioparis.it\/de\/come-gestire-il-calo-di-lavoro-del-freelance\/\" \/>\n<meta property=\"og:site_name\" content=\"Sergio Paris\" \/>\n<meta property=\"article:published_time\" content=\"2023-01-26T16:40:01+00:00\" \/>\n<meta property=\"article:modified_time\" content=\"2023-01-26T20:52:41+00:00\" \/>\n<meta property=\"og:image\" content=\"https:\/\/www.sergioparis.it\/wp-content\/uploads\/2023\/01\/occupazione_0303.jpg\" \/>\n\t<meta property=\"og:image:width\" content=\"660\" \/>\n\t<meta property=\"og:image:height\" content=\"330\" \/>\n\t<meta property=\"og:image:type\" content=\"image\/jpeg\" \/>\n<meta name=\"author\" content=\"Sergio Paris\" \/>\n<meta name=\"twitter:card\" content=\"summary_large_image\" \/>\n<meta name=\"twitter:label1\" content=\"Verfasst von\" \/>\n\t<meta name=\"twitter:data1\" content=\"Sergio Paris\" \/>\n\t<meta name=\"twitter:label2\" content=\"Gesch\u00e4tzte Lesezeit\" \/>\n\t<meta name=\"twitter:data2\" content=\"4\u00a0Minuten\" \/>\n<script type=\"application\/ld+json\" class=\"yoast-schema-graph\">{\"@context\":\"https:\/\/schema.org\",\"@graph\":[{\"@type\":\"WebPage\",\"@id\":\"https:\/\/www.sergioparis.it\/de\/come-gestire-il-calo-di-lavoro-del-freelance\/\",\"url\":\"https:\/\/www.sergioparis.it\/de\/come-gestire-il-calo-di-lavoro-del-freelance\/\",\"name\":\"COME GESTIRE IL CALO DI LAVORO DEL FREELANCE - Sergio Paris\",\"isPartOf\":{\"@id\":\"https:\/\/www.sergioparis.it\/#website\"},\"datePublished\":\"2023-01-26T16:40:01+00:00\",\"dateModified\":\"2023-01-26T20:52:41+00:00\",\"author\":{\"@id\":\"https:\/\/www.sergioparis.it\/#\/schema\/person\/208882325827ec8accf4dfad6b86ed01\"},\"breadcrumb\":{\"@id\":\"https:\/\/www.sergioparis.it\/de\/come-gestire-il-calo-di-lavoro-del-freelance\/#breadcrumb\"},\"inLanguage\":\"de\",\"potentialAction\":[{\"@type\":\"ReadAction\",\"target\":[\"https:\/\/www.sergioparis.it\/de\/come-gestire-il-calo-di-lavoro-del-freelance\/\"]}]},{\"@type\":\"BreadcrumbList\",\"@id\":\"https:\/\/www.sergioparis.it\/de\/come-gestire-il-calo-di-lavoro-del-freelance\/#breadcrumb\",\"itemListElement\":[{\"@type\":\"ListItem\",\"position\":1,\"name\":\"Home\",\"item\":\"https:\/\/www.sergioparis.it\/de\/\"},{\"@type\":\"ListItem\",\"position\":2,\"name\":\"COME GESTIRE IL CALO DI LAVORO DEL FREELANCE\"}]},{\"@type\":\"WebSite\",\"@id\":\"https:\/\/www.sergioparis.it\/#website\",\"url\":\"https:\/\/www.sergioparis.it\/\",\"name\":\"Sergio Paris\",\"description\":\"Just another WordPress site\",\"potentialAction\":[{\"@type\":\"SearchAction\",\"target\":{\"@type\":\"EntryPoint\",\"urlTemplate\":\"https:\/\/www.sergioparis.it\/?s={search_term_string}\"},\"query-input\":\"required name=search_term_string\"}],\"inLanguage\":\"de\"},{\"@type\":\"Person\",\"@id\":\"https:\/\/www.sergioparis.it\/#\/schema\/person\/208882325827ec8accf4dfad6b86ed01\",\"name\":\"Sergio Paris\",\"image\":{\"@type\":\"ImageObject\",\"inLanguage\":\"de\",\"@id\":\"https:\/\/www.sergioparis.it\/#\/schema\/person\/image\/\",\"url\":\"https:\/\/secure.gravatar.com\/avatar\/812b9900426c9e971e9ea2561bc0096a?s=96&d=mm&r=g\",\"contentUrl\":\"https:\/\/secure.gravatar.com\/avatar\/812b9900426c9e971e9ea2561bc0096a?s=96&d=mm&r=g\",\"caption\":\"Sergio Paris\"},\"url\":\"https:\/\/www.sergioparis.it\/de\/author\/wftuser\/\"}]}<\/script>\n<!-- \/ Yoast SEO plugin. -->","yoast_head_json":{"title":"COME GESTIRE IL CALO DI LAVORO DEL FREELANCE - Sergio Paris","robots":{"index":"noindex","follow":"follow"},"og_locale":"de_DE","og_type":"article","og_title":"COME GESTIRE IL CALO DI LAVORO DEL FREELANCE - Sergio Paris","og_description":"Nessuno di noi liberi professionisti \u2013 tanto meno il sottoscritto \u2013 \u00e8 immune al fisiologico e congiunturale calo di lavoro che talvolta pu\u00f2 capitare. Non si verifica spesso, ma quando si presenta, va affrontato in maniera giusta. Il 2022, almeno per me, \u00e8 stato un anno davvero ricco e costante dal punto di vista del flusso di lavoro. Devo ammettere che per tutti e dodici i mesi dell\u2019anno ho sempre avuto molti incarichi, soprattutto nel secondo semestre. Credo sia stata anche una tendenza generale dovuta al fatto che il 2022 per molti settori, nonostante il clima di incertezza internazionale, \u00e8 stato l\u2019anno della ripresa e dell\u2019entusiasmo di volerci riappropriare delle nostre vite, delle nostre abitudini e, non in ultimo, dei nostri progetti. Personalmente sono arrivato a fine anno con forse una dose un po\u2019 eccessiva di stanchezza, al punto che nemmeno la pausa natalizia \u00e8 bastata per rigenerarmi e ricaricare le batterie. Le previsioni per il 2023 \u2013 non mie e ci tengo a precisarlo \u2013 non sono molto positive come poteva essere stato il 2022. Non \u00e8 questa la sede per discutere dei motivi che credo siano arcinoti e piuttosto intuibili: l\u2019inflazione, l\u2019aumento dei costi energetici e non in ultimo il perdurare della crisi geopolitica internazionale che indiscutibilmente va ad influire sull\u2019andamento generale dell\u2019economia. In sintesi, questo nuovo anno appena iniziato si sta rivelando molto pi\u00f9 calmo di come ha esordito l\u2019anno scorso in termini di richieste e preventivi. Seppur mentalmente preparati, non \u00e8 mai facile vivere al meglio questi periodi in attesa che il lavoro riparta. Il primo pensiero che ci assale \u00e8 mettere in dubbio il nostro valore, le nostre competenze. Non dovremmo mai cadere in questa tentazione, anche se a volte sembra inevitabile. Qui di seguito alcuni modi per affrontare questi periodi al meglio e soprattutto alcuni consigli per non cadere del tranello del \u201cmea culpa\u201d. E voi? Come gestite questi naturali e fisiologici momenti di calo di lavoro? La tentazione di cadere nella disperazione \u00e8 sempre dietro l\u2019angolo \u2013 ne so qualcosa. Anche dopo pi\u00f9 di vent\u2019anni di esperienza \u00e8 facile restare impigliati in questa trappola. Adottare alcuni degli stratagemmi di cui sopra pu\u00f2 essere sempre utile. Essere liberi professionisti significa anche questo e dovremmo essere flessibili e resilienti anche da questo punto di vista.","og_url":"https:\/\/www.sergioparis.it\/de\/come-gestire-il-calo-di-lavoro-del-freelance\/","og_site_name":"Sergio Paris","article_published_time":"2023-01-26T16:40:01+00:00","article_modified_time":"2023-01-26T20:52:41+00:00","og_image":[{"width":660,"height":330,"url":"https:\/\/www.sergioparis.it\/wp-content\/uploads\/2023\/01\/occupazione_0303.jpg","type":"image\/jpeg"}],"author":"Sergio Paris","twitter_card":"summary_large_image","twitter_misc":{"Verfasst von":"Sergio Paris","Gesch\u00e4tzte Lesezeit":"4\u00a0Minuten"},"schema":{"@context":"https:\/\/schema.org","@graph":[{"@type":"WebPage","@id":"https:\/\/www.sergioparis.it\/de\/come-gestire-il-calo-di-lavoro-del-freelance\/","url":"https:\/\/www.sergioparis.it\/de\/come-gestire-il-calo-di-lavoro-del-freelance\/","name":"COME GESTIRE IL CALO DI LAVORO DEL FREELANCE - Sergio Paris","isPartOf":{"@id":"https:\/\/www.sergioparis.it\/#website"},"datePublished":"2023-01-26T16:40:01+00:00","dateModified":"2023-01-26T20:52:41+00:00","author":{"@id":"https:\/\/www.sergioparis.it\/#\/schema\/person\/208882325827ec8accf4dfad6b86ed01"},"breadcrumb":{"@id":"https:\/\/www.sergioparis.it\/de\/come-gestire-il-calo-di-lavoro-del-freelance\/#breadcrumb"},"inLanguage":"de","potentialAction":[{"@type":"ReadAction","target":["https:\/\/www.sergioparis.it\/de\/come-gestire-il-calo-di-lavoro-del-freelance\/"]}]},{"@type":"BreadcrumbList","@id":"https:\/\/www.sergioparis.it\/de\/come-gestire-il-calo-di-lavoro-del-freelance\/#breadcrumb","itemListElement":[{"@type":"ListItem","position":1,"name":"Home","item":"https:\/\/www.sergioparis.it\/de\/"},{"@type":"ListItem","position":2,"name":"COME GESTIRE IL CALO DI LAVORO DEL FREELANCE"}]},{"@type":"WebSite","@id":"https:\/\/www.sergioparis.it\/#website","url":"https:\/\/www.sergioparis.it\/","name":"Sergio Paris","description":"Just another WordPress site","potentialAction":[{"@type":"SearchAction","target":{"@type":"EntryPoint","urlTemplate":"https:\/\/www.sergioparis.it\/?s={search_term_string}"},"query-input":"required name=search_term_string"}],"inLanguage":"de"},{"@type":"Person","@id":"https:\/\/www.sergioparis.it\/#\/schema\/person\/208882325827ec8accf4dfad6b86ed01","name":"Sergio Paris","image":{"@type":"ImageObject","inLanguage":"de","@id":"https:\/\/www.sergioparis.it\/#\/schema\/person\/image\/","url":"https:\/\/secure.gravatar.com\/avatar\/812b9900426c9e971e9ea2561bc0096a?s=96&d=mm&r=g","contentUrl":"https:\/\/secure.gravatar.com\/avatar\/812b9900426c9e971e9ea2561bc0096a?s=96&d=mm&r=g","caption":"Sergio Paris"},"url":"https:\/\/www.sergioparis.it\/de\/author\/wftuser\/"}]}},"_links":{"self":[{"href":"https:\/\/www.sergioparis.it\/de\/wp-json\/wp\/v2\/posts\/5916"}],"collection":[{"href":"https:\/\/www.sergioparis.it\/de\/wp-json\/wp\/v2\/posts"}],"about":[{"href":"https:\/\/www.sergioparis.it\/de\/wp-json\/wp\/v2\/types\/post"}],"author":[{"embeddable":true,"href":"https:\/\/www.sergioparis.it\/de\/wp-json\/wp\/v2\/users\/1"}],"replies":[{"embeddable":true,"href":"https:\/\/www.sergioparis.it\/de\/wp-json\/wp\/v2\/comments?post=5916"}],"version-history":[{"count":3,"href":"https:\/\/www.sergioparis.it\/de\/wp-json\/wp\/v2\/posts\/5916\/revisions"}],"predecessor-version":[{"id":5924,"href":"https:\/\/www.sergioparis.it\/de\/wp-json\/wp\/v2\/posts\/5916\/revisions\/5924"}],"wp:featuredmedia":[{"embeddable":true,"href":"https:\/\/www.sergioparis.it\/de\/wp-json\/wp\/v2\/media\/5913"}],"wp:attachment":[{"href":"https:\/\/www.sergioparis.it\/de\/wp-json\/wp\/v2\/media?parent=5916"}],"wp:term":[{"taxonomy":"category","embeddable":true,"href":"https:\/\/www.sergioparis.it\/de\/wp-json\/wp\/v2\/categories?post=5916"},{"taxonomy":"post_tag","embeddable":true,"href":"https:\/\/www.sergioparis.it\/de\/wp-json\/wp\/v2\/tags?post=5916"}],"curies":[{"name":"wp","href":"https:\/\/api.w.org\/{rel}","templated":true}]}}